{"id":3054,"date":"2020-10-04T13:07:24","date_gmt":"2020-10-04T11:07:24","guid":{"rendered":"https:\/\/www.cardiovibe.de\/journal\/?p=3054"},"modified":"2026-03-20T09:56:17","modified_gmt":"2026-03-20T08:56:17","slug":"krafttraining-fuer-radsportler-im-winter","status":"publish","type":"post","link":"https:\/\/www.cardiovibe.de\/journal\/krafttraining-fuer-radsportler-im-winter\/","title":{"rendered":"Krafttraining f\u00fcr Radsportler \u2013 den Winter optimal nutzen"},"content":{"rendered":"\t\t<div data-elementor-type=\"wp-post\" data-elementor-id=\"3054\" class=\"elementor elementor-3054\" data-elementor-post-type=\"post\">\n\t\t\t\t\t\t<section class=\"elementor-section elementor-top-section elementor-element elementor-element-ace249a elementor-section-full_width elementor-section-height-default elementor-section-height-default\" data-id=\"ace249a\" data-element_type=\"section\" data-e-type=\"section\" data-settings=\"{&quot;background_background&quot;:&quot;classic&quot;}\">\n\t\t\t\t\t\t<div class=\"elementor-container elementor-column-gap-default\">\n\t\t\t\t\t<div class=\"elementor-column elementor-col-50 elementor-top-column elementor-element elementor-element-099a2aa\" data-id=\"099a2aa\" data-element_type=\"column\" data-e-type=\"column\" data-settings=\"{&quot;background_background&quot;:&quot;classic&quot;}\">\n\t\t\t<div class=\"elementor-widget-wrap elementor-element-populated\">\n\t\t\t\t\t\t<div class=\"elementor-element elementor-element-1c8835c elementor-widget elementor-widget-heading\" data-id=\"1c8835c\" data-element_type=\"widget\" data-e-type=\"widget\" data-widget_type=\"heading.default\">\n\t\t\t\t<div class=\"elementor-widget-container\">\n\t\t\t\t\t<h1 class=\"elementor-heading-title elementor-size-default\">Krafttraining f\u00fcr Radsportler \u2013 den Winter optimal nutzen<\/h1>\t\t\t\t<\/div>\n\t\t\t\t<\/div>\n\t\t\t\t<div class=\"elementor-element elementor-element-99f8587 elementor-widget elementor-widget-theme-post-featured-image elementor-widget-image\" data-id=\"99f8587\" data-element_type=\"widget\" data-e-type=\"widget\" data-widget_type=\"theme-post-featured-image.default\">\n\t\t\t\t<div class=\"elementor-widget-container\">\n\t\t\t\t\t\t\t\t\t\t\t\t\t\t\t<img fetchpriority=\"high\" decoding=\"async\" width=\"800\" height=\"428\" src=\"https:\/\/www.cardiovibe.de\/journal\/wp-content\/uploads\/2020\/10\/krafttraining-radsport-1024x548.jpg\" class=\"attachment-large size-large wp-image-3055\" alt=\"Krafttraining f\u00fcr Radsportler im Winter\" srcset=\"https:\/\/www.cardiovibe.de\/journal\/wp-content\/uploads\/2020\/10\/krafttraining-radsport-1024x548.jpg 1024w, https:\/\/www.cardiovibe.de\/journal\/wp-content\/uploads\/2020\/10\/krafttraining-radsport-300x161.jpg 300w, https:\/\/www.cardiovibe.de\/journal\/wp-content\/uploads\/2020\/10\/krafttraining-radsport-768x411.jpg 768w, https:\/\/www.cardiovibe.de\/journal\/wp-content\/uploads\/2020\/10\/krafttraining-radsport-1536x823.jpg 1536w, https:\/\/www.cardiovibe.de\/journal\/wp-content\/uploads\/2020\/10\/krafttraining-radsport.jpg 1800w\" sizes=\"(max-width: 800px) 100vw, 800px\" \/>\t\t\t\t\t\t\t\t\t\t\t\t\t\t\t<\/div>\n\t\t\t\t<\/div>\n\t\t\t\t<div class=\"elementor-element elementor-element-cff5161 elementor-widget elementor-widget-text-editor\" data-id=\"cff5161\" data-element_type=\"widget\" data-e-type=\"widget\" data-widget_type=\"text-editor.default\">\n\t\t\t\t<div class=\"elementor-widget-container\">\n\t\t\t\t\t\t\t\t\t\n<p><b>Wie wir als Radsportler den Winter optimal f\u00fcr das Krafttraining nutzen k\u00f6nnen. <\/b><\/p>\n\n<p>Es l\u00e4sst sich leider nicht leugnen \u2013 wir sind mitten im letzten Quartal des Jahres und damit ist die Saison eines jeden Radsportlers vorbei. Die letzten Rennen sind gefahren und die wenigen Herbst- RTFs in Corona Zeiten wurden genutzt, um die Kilometerstatistik f\u00fcr das laufende Jahr noch etwas aufzuh\u00fcbschen.<\/p>\n\n<p>Die Tage, an denen es drau\u00dfen noch einigerma\u00dfen sch\u00f6nes Wetter gibt, sind langsam gez\u00e4hlt und in kurz\/kurz wird nicht mehr lange geradelt werden. Aber warum es so ist, dass der Winter ideal f\u00fcr Radsportler ist, mit dem Krafttraining zu beginnen, kl\u00e4ren wir in diesem Artikel auf.<\/p>\n\n<p>Der Oktober ist klassischerweise der Monat, in dem pausiert wird. Fluch und Segen zu gleich. Einerseits freut man sich auf eine verdiente Pause nach einer langen Saison. Andererseits wei\u00df man nun auch, dass jetzt die kalte Jahreszeit vor der T\u00fcr steht. Und damit einher geht, dass man f\u00fcr das Anziehen der Radsportkleidung mehr Zeit einplanen und das Carbon-Gef\u00e4hrt h\u00e4ufiger geputzt werden muss.<\/p>\n\n<p>Gleiches gilt f\u00fcr die Quantit\u00e4t des Radsporttrainings. F\u00fcr den Otto-Normal-Radler ist es schwer m\u00f6glich, unterhalb der Woche zu trainieren. In der Dunkelheit und dann auch noch bei eventueller N\u00e4sse ist es um einiges gef\u00e4hrlicher, Teil des \u00f6ffentlichen Stra\u00dfenverkehrs als Velo-Fahrer zu sein. Aber das ist noch lange kein Grund, Tr\u00fcbsal zu blasen, oder in den Winterblues zu versinken.<\/p>\n\n<blockquote class=\"wp-block-quote is-layout-flow wp-block-quote-is-layout-flow\">\n<p><b>Der Winter ist die ideale Zeit, seinen K\u00f6rper durch Krafttraining zu st\u00e4rken<\/b><\/p>\n<\/blockquote>\n\n<p>Wie man sich zu Hause mit einem <a style=\"text-decoration: underline;\" title=\"EMS Training f\u00fcr Radsportler\" href=\"\/journal\/ems-training-radsport\/\">EMS Training f\u00fcr Radsportler<\/a> und einem passenden EMS Ger\u00e4t im Winter fit halten kann, habe ich schon in einem anderen Artikel erl\u00e4utert.<\/p>\n\n<h2 class=\"wp-block-heading\" id=\"h-krafttraining-die-basis-f-r-einen-guten-fahrstil-auf-dem-rennrad\">Krafttraining \u2013 die Basis f\u00fcr einen guten Fahrstil auf dem Rennrad<\/h2>\n\n<p>Fangen wir zun\u00e4chst mit unserer Rumpfmuskulatur an. Diese ist n\u00e4mlich mindestens genauso entscheidend, wie die Beinmuskulatur &#8211; auch wenn das auf den ersten Blick nicht so scheint. Ein starker und trainierter Oberk\u00f6rper ist n\u00e4mlich die Basis eines jeden Radfahrers, um eine gute Sitzposition und einen guten Fahrstil zu verinnerlichen.<\/p>\n\n<p>Zum Einen ist eine stabile K\u00f6rpermitte entscheidend, denn nur durch sie ist eine ideale Kraft\u00fcbertragung des gesamten K\u00f6rpers auf das Pedal m\u00f6glich. Wenn eine solide K\u00f6rperstatik gegeben ist, kommt es auch zu weniger Ausweichbewegungen auf dem Rad. Das unterst\u00fctzt ebenfalls die optimale Umsetzung der Energie in die Vorw\u00e4rtsbewegung und beugt au\u00dferdem Verletzungen vor.<\/p>\n\n<p>Wer kennt es nicht? Die typischen Nackenschmerzen oder das Ziehen im Lendenwirbels\u00e4ulenbereich. Diese beiden Symptome sind fast schon repr\u00e4sentativ f\u00fcr den Radsport. In wenigen F\u00e4llen liegt es sicherlich an einer falschen Sitzposition. In den meisten F\u00e4llen liegt es allerdings an dem vernachl\u00e4ssigten <b>Core Training<\/b>.<\/p>\n\n<p>Wenn solche Leiden einen im Training nicht einschr\u00e4nken, k\u00f6nnen wir automatisch mehr und l\u00e4nger fahren und haben auch noch mehr Spa\u00df dabei.<\/p>\n\n<p>Nicht zu untersch\u00e4tzen ist dann noch unser Trizeps. Dieser wird beim Radfahren mehr genutzt, als gedacht! N\u00e4mlich jedes Mal, wenn wir aus dem Sattel gehen. Bei jeder Attacke bei einem Rennen, bei einem Anstieg in einen Berg. Es ist immer dieselbe Bewegung f\u00fcr unsere Arme: das Ziehen am Lenker.<\/p>\n\n<p>Und da ist der Trizeps der entscheidende Muskel, der uns Vorw\u00e4rts bringt. Radfahren aus den Armen sozusagen.<\/p>\n\n<p>Es muss aber nicht immer gleich eine Fitnessstudio Mitgliedschaft sein. F\u00fcr den Oberk\u00f6rper gibt es ausreichend \u00dcbungen, die man bequem zu Hause vor dem Fernseher durchf\u00fchren kann.<\/p>\n\n<p><b>Die Planke \u2013 oder auch Unterarmst\u00fctz<\/b><br \/>Die simpelste aber auch effektivste \u00dcbung, um fast den gesamten K\u00f6rper unter Spannung zu versetzen. Diese ist n\u00e4mlich statisch und sollte so f\u00fcr mindestens 60 Sekunden gehalten werden.<\/p>\n\n<p>Beginnend mit einer liegenden Position auf dem Bauch, die Ellenbogen sind direkt unterhalb der Schultern. Spannung aufbauen, in dem nur noch die F\u00fc\u00dfe und die Ellenbogen den Boden ber\u00fchren. Der K\u00f6rper bildet eine gerade Linie.<\/p>\n\n<p>Man kann diese \u00dcbung noch durch den Kraft-Seitst\u00fctz erg\u00e4nzen.<\/p>\n\n<p><b>Die Liegest\u00fctze<\/b><br \/>Auch hier wird der gesamte K\u00f6rper aktiviert. Das Sch\u00f6ne an Liegest\u00fctzen ist, dass man diese variieren kann. Wenn man n\u00e4mlich die Handfl\u00e4chen direkt unterhalb der Schultern platziert und leicht nach au\u00dfen dreht, wird die Kraft zum Hochdr\u00fccken n\u00e4mlich zus\u00e4tzlich noch aus dem Trizeps geholt.<\/p>\n\n<p>Bei der Ausf\u00fchrung der \u00dcbung sollten die Ellenbogen nicht nach au\u00dfen zeigen, sondern eng am K\u00f6rper anliegen.<\/p>\n\n<h3 class=\"wp-block-heading\" id=\"h-beintraining-f-r-radsportler\">Beintraining f\u00fcr Radsportler<\/h3>\n\n<p>Und jetzt kommen wir mal zu dem, was nun wirklich Spa\u00df macht. Denn da k\u00f6nnen wir Radsportler richtig Punkten und in den g\u00e4ngigen Fitnessstudioketten so einen auf richtig dicke Hose machen. Es ist mir immer wieder ein Fest im Winter, dass ich als kleiner Zwerg mit stolzen 164 cm K\u00f6rpergr\u00f6\u00dfe, an der <a style=\"text-decoration: underline;\" title=\"isokinetische Beinpresse\" href=\"https:\/\/www.cardiovibe.de\/kineo-leg-press-exzentrisch\/\">Beinpresse<\/a> mindestens genauso viel dr\u00fccken kann, wie der gemeine Durchschnittspumper.<\/p>\n\n<p>Es ist n\u00e4mlich immer das gleiche. Ich packe ordentlich Gewicht drauf. Ernte s\u00fcffisante Blicke, untermalt mit sp\u00f6ttischem Kopfsch\u00fctteln. Ich kann die Gedanken der Mitschwitzenden f\u00f6rmlich lesen: \u201eSch\u00e4tzchen, tu Dir doch nicht weh \u2013 \u00fcberlass\u2018 das mal den richtigen M\u00e4nnern\u201c. Wenn ich aber anschlie\u00dfend 200kg und mehr dr\u00fccke, habe ich mir den Respekt und die perplexen Blicke redlich verdient. Aber ich schweife ab.<\/p>\n\n<p>Nat\u00fcrlich bereitet mir Krafttraining gro\u00dfen Spa\u00df, aber es ist zudem auch noch sehr effektiv. Denn diese Muskelbelastung ist auf dem Rad nicht zu imitieren. Auch bei einer \u00dcbersetzung von 53-11 am Waseberg. Es ist schlicht ein anderer Reiz, der aber enorm wichtig ist.<\/p>\n\n<p>Unser aller Ziel ist es ja, so viel Watt wie m\u00f6glich auf die Pedale zu bringen. Entweder am Berg, oder beim Zielsprint. Es ist v\u00f6llig logisch: Wenn ich bei gleicher Kadenz einen dickeren Gang fahren kann, bedeutet das mehr Leistung f\u00fcr die Vorw\u00e4rtsbewegung.<\/p>\n\n<p><b>Maximalkraft durch gezieltes Krafttraining steigern<\/b><br \/>Es ist wichtig zu erw\u00e4hnen, dass hier nicht die Rede von der Kraftausdauer ist. Diese ist nat\u00fcrlich enorm wichtig, damit wir \u00fcber l\u00e4ngere Zeit stetig gut vorw\u00e4rts treten k\u00f6nnen. Hier ist es aber sinnvoll K 3 \u2013 also Krafttraining am Berg zu betreiben. In diesem Fall ist ganz klar die Steigerung der Maximalkraft gemeint.<\/p>\n\n<p>Ist eine hohe Maximalkraft vorhanden, verbessert dies im gleichen Atemzug auch die Kraftausdauer, da der K\u00f6rper gelernt hat, mehr Muskelfasern w\u00e4hrend der Belastung zu aktivieren.<\/p>\n\n<p>Um diese Entwicklung voran zu treiben, ist es wichtig, mit hohem Gewicht und wenigen Wiederholungen zu arbeiten (Ich rate zu 5 mal 5 Wiederholungen). Man sollte trotzdem darauf achten, auch die letzte Wiederholung stets sauber auszuf\u00fchren.<\/p>\n\n<h3 class=\"wp-block-heading\" id=\"h-die-optimalen-bein-bungen-f-r-radsportler\">Die optimalen Bein\u00fcbungen f\u00fcr Radsportler<\/h3>\n\n<p><b>Die Kniebeuge \u2013 Squat<\/b><br \/>Meine ganz pers\u00f6nliche Lieblings\u00fcbung. Der Vorteil beim squatten ist, dass man zus\u00e4tzlich noch den Oberk\u00f6rper und die Stabilit\u00e4t des Rumpfes mit trainiert. Auch hier hat man diverse Variationsm\u00f6glichkeiten: enger Stand, breiter Stand, Langhantel im Nacken, Langhantel vor dem K\u00f6rper halten\u2026<\/p>\n\n<p>Bevor ich jetzt hier beginne, einen Endlosartikel \u00fcber die richtige und saubere Ausf\u00fchrung der Kniebeuge zu schreiben, m\u00f6chte ich euch inst\u00e4ndig bitten, diese von einem Trainer im Studio erkl\u00e4ren zu lassen. Denn so effektiv die Kniebeuge auch sein mag, man kann auch sehr viel falsch machen. Und das Krafttraining soll euch voranbringen und nicht zu Verletzungen f\u00fchren.<\/p>\n\n<p><b>Die Beinpresse<\/b><br \/>Wie ich oben schon angedeutet habe, ein gro\u00dfartiges Ger\u00e4t um mal zu zeigen, wer der Boss im Hause ist. Ich empfehle die 45\u00b0 Schr\u00e4gbeinpresse, da man hier mit Gewichtsscheiben arbeitet. Und zwar aus dem ganz einfachen Grund, dass die geraden Beinpressen meist bei 200 kg aufh\u00f6ren. Und mit so einem Kinderkram geben wir uns ja nicht mehr ab.<\/p>\n\n<p>Ganz im Ernst: wer sich jetzt abgeschreckt von den hohen Gewichten f\u00fchlt, darf sich nicht verunsichern lassen. Die Steigerung geht schnell und die Beine geben mehr her, als man zun\u00e4chst annehmen mag. Ich selbst habe gesehen, dass ein Radsportkumpel 560 kg gestemmt hat. Also nur Mut!<\/p>\n\n<p>Und wer mir nicht glauben mag, dass eine gest\u00e4rkte K\u00f6rpermitte wichtig ist: Bitte ein hohes Gewicht bei der Beinpresse w\u00e4hlen. Bei der ersten Wiederholung bewusst zus\u00e4tzlich den Fokus auf einen angespannten Bauch legen. Bei der zweiten Wiederholung den Bauch bewusst NICHT anspannen. Der Unterschied ist bemerkenswert.<\/p>\n\n<p>Fazit !<\/p>\n\n<blockquote class=\"wp-block-quote is-layout-flow wp-block-quote-is-layout-flow\">\n<p><b>Krafttraining ist enorm wichtig, um auf dem Rad eine Leistungssteigerung zu erreichen. Es erm\u00f6glicht Radfahrern, ihr vorhandenes Potenzial optimal auszunutzen und zu verbessern<\/b><\/p>\n<\/blockquote>\n\n<p>Interessant ist auch der Artikel &#8222;<a style=\"text-decoration: underline;\" title=\"EMS Training f\u00fcr Radsportler\" href=\"\/journal\/die-vorteile-exzentrischen-trainings\/\">Die Vorteile exzentrischen Trainings<\/a>&#8222;, obschon in den Studios nur selten Equipment vorhanden ist, mit dem sich ein exzentrisches Training durchf\u00fchren l\u00e4sst.<\/p>\n\n<p>Viel Spa\u00df beim Workout!<\/p>\n\n<p>Bildquelle: TORWAI Suebsri \u00a9 123RF.com<\/p>\n\t\t\t\t\t\t\t\t<\/div>\n\t\t\t\t<\/div>\n\t\t\t\t\t<\/div>\n\t\t<\/div>\n\t\t\t\t<div class=\"elementor-column elementor-col-50 elementor-top-column elementor-element elementor-element-5bcb31e\" data-id=\"5bcb31e\" data-element_type=\"column\" data-e-type=\"column\">\n\t\t\t<div class=\"elementor-widget-wrap elementor-element-populated\">\n\t\t\t\t\t\t<section class=\"elementor-section elementor-inner-section elementor-element elementor-element-0e13446 elementor-hidden-phone elementor-section-boxed elementor-section-height-default elementor-section-height-default\" data-id=\"0e13446\" data-element_type=\"section\" data-e-type=\"section\" data-settings=\"{&quot;background_background&quot;:&quot;classic&quot;}\">\n\t\t\t\t\t\t<div class=\"elementor-container elementor-column-gap-default\">\n\t\t\t\t\t<div class=\"elementor-column elementor-col-100 elementor-inner-column elementor-element elementor-element-f4c5e14\" data-id=\"f4c5e14\" data-element_type=\"column\" data-e-type=\"column\">\n\t\t\t<div class=\"elementor-widget-wrap elementor-element-populated\">\n\t\t\t\t\t\t<div class=\"elementor-element elementor-element-3afcc78 elementor-widget elementor-widget-global elementor-global-4851 elementor-widget-heading\" data-id=\"3afcc78\" data-element_type=\"widget\" data-e-type=\"widget\" data-widget_type=\"heading.default\">\n\t\t\t\t<div class=\"elementor-widget-container\">\n\t\t\t\t\t<div class=\"elementor-heading-title elementor-size-default\">Blogsuche<\/div>\t\t\t\t<\/div>\n\t\t\t\t<\/div>\n\t\t\t\t<div class=\"elementor-element elementor-element-bd6c4ce elementor-search-form--skin-classic elementor-search-form--button-type-icon elementor-search-form--icon-search elementor-widget elementor-widget-search-form\" data-id=\"bd6c4ce\" data-element_type=\"widget\" data-e-type=\"widget\" data-settings=\"{&quot;skin&quot;:&quot;classic&quot;}\" data-widget_type=\"search-form.default\">\n\t\t\t\t<div class=\"elementor-widget-container\">\n\t\t\t\t\t\t\t<search role=\"search\">\n\t\t\t<form class=\"elementor-search-form\" action=\"https:\/\/www.cardiovibe.de\/journal\" method=\"get\">\n\t\t\t\t\t\t\t\t\t\t\t\t<div class=\"elementor-search-form__container\">\n\t\t\t\t\t<label class=\"elementor-screen-only\" for=\"elementor-search-form-bd6c4ce\">Suche<\/label>\n\n\t\t\t\t\t\n\t\t\t\t\t<input id=\"elementor-search-form-bd6c4ce\" placeholder=\"Suche ...\" class=\"elementor-search-form__input\" type=\"search\" name=\"s\" value=\"\">\n\t\t\t\t\t\n\t\t\t\t\t\t\t\t\t\t\t<button class=\"elementor-search-form__submit\" type=\"submit\" aria-label=\"Suche\">\n\t\t\t\t\t\t\t\t\t\t\t\t\t\t\t<i aria-hidden=\"true\" class=\"fas fa-search\"><\/i>\t\t\t\t\t\t\t\t\t\t\t\t\t<\/button>\n\t\t\t\t\t\n\t\t\t\t\t\t\t\t\t<\/div>\n\t\t\t<\/form>\n\t\t<\/search>\n\t\t\t\t\t\t<\/div>\n\t\t\t\t<\/div>\n\t\t\t\t\t<\/div>\n\t\t<\/div>\n\t\t\t\t\t<\/div>\n\t\t<\/section>\n\t\t\t\t<section class=\"elementor-section elementor-inner-section elementor-element elementor-element-57a133a elementor-section-full_width elementor-section-height-default elementor-section-height-default\" data-id=\"57a133a\" data-element_type=\"section\" data-e-type=\"section\" data-settings=\"{&quot;background_background&quot;:&quot;classic&quot;}\">\n\t\t\t\t\t\t<div class=\"elementor-container elementor-column-gap-default\">\n\t\t\t\t\t<div class=\"elementor-column elementor-col-100 elementor-inner-column elementor-element elementor-element-7532173\" data-id=\"7532173\" data-element_type=\"column\" data-e-type=\"column\">\n\t\t\t<div class=\"elementor-widget-wrap elementor-element-populated\">\n\t\t\t\t\t\t<div class=\"elementor-element elementor-element-c840a3d elementor-widget elementor-widget-heading\" data-id=\"c840a3d\" data-element_type=\"widget\" data-e-type=\"widget\" data-widget_type=\"heading.default\">\n\t\t\t\t<div class=\"elementor-widget-container\">\n\t\t\t\t\t<div class=\"elementor-heading-title elementor-size-default\">Interessante Beitr\u00e4ge<\/div>\t\t\t\t<\/div>\n\t\t\t\t<\/div>\n\t\t\t\t<div class=\"elementor-element elementor-element-1d6c6d4 elementor-grid-eael-col-1 elementor-grid-tablet-eael-col-2 elementor-grid-mobile-eael-col-1 elementor-invisible elementor-widget elementor-widget-eael-post-grid\" data-id=\"1d6c6d4\" data-element_type=\"widget\" data-e-type=\"widget\" data-settings=\"{&quot;eael_post_grid_columns&quot;:&quot;eael-col-1&quot;,&quot;_animation&quot;:&quot;fadeIn&quot;,&quot;eael_post_grid_columns_tablet&quot;:&quot;eael-col-2&quot;,&quot;eael_post_grid_columns_mobile&quot;:&quot;eael-col-1&quot;}\" data-widget_type=\"eael-post-grid.default\">\n\t\t\t\t<div class=\"elementor-widget-container\">\n\t\t\t\t\t<div id=\"eael-post-grid-1d6c6d4\" class=\"eael-post-grid-container\">\n            <div class=\"eael-post-grid eael-post-appender eael-post-appender-1d6c6d4 eael-post-grid-style-two\" data-layout-mode=\"grid\"><article class=\"eael-grid-post  eael-post-grid-column eael-pg-post-7754 category-ems-tens\" data-id=\"7754\">\n    <div class=\"eael-grid-post-holder\">\n        <div class=\"eael-grid-post-holder-inner\"><div class=\"eael-entry-media\"><div class=\"eael-entry-overlay fade-in\"><i class=\"fas fa-long-arrow-alt-right\" aria-hidden=\"true\"><\/i><a href=\"https:\/\/www.cardiovibe.de\/journal\/beckenbodentraining-nach-geburt-rueckbildung-elektrostimulation\/\"><\/a><\/div><div class=\"eael-entry-thumbnail \">\n                            <img decoding=\"async\" width=\"300\" height=\"167\" src=\"https:\/\/www.cardiovibe.de\/journal\/wp-content\/uploads\/2026\/04\/Rueckbildung-nach-Geburt-Beckenboden-Elektrostimulation-300x167.png\" class=\"attachment-medium size-medium wp-image-7768\" alt=\"R\u00fcckbildung nach Geburt: Beckenboden-Elektrostimulation\" srcset=\"https:\/\/www.cardiovibe.de\/journal\/wp-content\/uploads\/2026\/04\/Rueckbildung-nach-Geburt-Beckenboden-Elektrostimulation-300x167.png 300w, https:\/\/www.cardiovibe.de\/journal\/wp-content\/uploads\/2026\/04\/Rueckbildung-nach-Geburt-Beckenboden-Elektrostimulation-1024x572.png 1024w, https:\/\/www.cardiovibe.de\/journal\/wp-content\/uploads\/2026\/04\/Rueckbildung-nach-Geburt-Beckenboden-Elektrostimulation-768x429.png 768w, https:\/\/www.cardiovibe.de\/journal\/wp-content\/uploads\/2026\/04\/Rueckbildung-nach-Geburt-Beckenboden-Elektrostimulation-1536x857.png 1536w, https:\/\/www.cardiovibe.de\/journal\/wp-content\/uploads\/2026\/04\/Rueckbildung-nach-Geburt-Beckenboden-Elektrostimulation-2048x1143.png 2048w\" sizes=\"(max-width: 300px) 100vw, 300px\" \/>\n                            <\/div>\n                    <\/div><div class=\"eael-entry-wrapper\"><header class=\"eael-entry-header\"><h3 class=\"eael-entry-title\"><a class=\"eael-grid-post-link\" href=\"https:\/\/www.cardiovibe.de\/journal\/beckenbodentraining-nach-geburt-rueckbildung-elektrostimulation\/\" title=\"R\u00fcckbildung nach Geburt: Beckenboden-Elektrostimulation\">R\u00fcckbildung nach Geburt: Beckenboden-Elektrostimulation<\/a><\/h3><\/header><div class=\"eael-entry-content\">\n                                <div class=\"eael-grid-post-excerpt\"><p>R\u00fcckbildung nach der Geburt: Beckenbodentraining mit Elektrostimulation Schwangerschaft und Geburt...<\/p><a href=\"https:\/\/www.cardiovibe.de\/journal\/beckenbodentraining-nach-geburt-rueckbildung-elektrostimulation\/\" class=\"eael-post-elements-readmore-btn\">Weiter lesen...<\/a><\/div>\n                            <\/div><div class=\"eael-entry-header-after style-two\"><div class=\"eael-entry-meta\"><span class=\"eael-meta-posted-on\"><i class=\"far fa-clock\"><\/i><time datetime=\"20. April 2026\">20. April 2026<\/time><\/span><\/div><\/div><\/div><\/div>\n    <\/div>\n<\/article><article class=\"eael-grid-post  eael-post-grid-column eael-pg-post-7648 category-stosswellentherapie-eswt-fachwissen-fuer-die-praxis tags-physiotherapie\" data-id=\"7648\">\n    <div class=\"eael-grid-post-holder\">\n        <div class=\"eael-grid-post-holder-inner\"><div class=\"eael-entry-media\"><div class=\"eael-entry-overlay fade-in\"><i class=\"fas fa-long-arrow-alt-right\" aria-hidden=\"true\"><\/i><a href=\"https:\/\/www.cardiovibe.de\/journal\/stosswellentherapie-wirkung-anwendung-indikationen\/\"><\/a><\/div><div class=\"eael-entry-thumbnail \">\n                            <img decoding=\"async\" width=\"300\" height=\"167\" src=\"https:\/\/www.cardiovibe.de\/journal\/wp-content\/uploads\/2026\/04\/Stosswellentherapie-Evidenz-und-Anwendung-300x167.png\" class=\"attachment-medium size-medium wp-image-7657\" alt=\"Sto\u00dfwellentherapie: Wirkung, Anwendung und Indikationen im \u00dcberblick\" srcset=\"https:\/\/www.cardiovibe.de\/journal\/wp-content\/uploads\/2026\/04\/Stosswellentherapie-Evidenz-und-Anwendung-300x167.png 300w, https:\/\/www.cardiovibe.de\/journal\/wp-content\/uploads\/2026\/04\/Stosswellentherapie-Evidenz-und-Anwendung-1024x572.png 1024w, https:\/\/www.cardiovibe.de\/journal\/wp-content\/uploads\/2026\/04\/Stosswellentherapie-Evidenz-und-Anwendung-768x429.png 768w, https:\/\/www.cardiovibe.de\/journal\/wp-content\/uploads\/2026\/04\/Stosswellentherapie-Evidenz-und-Anwendung-1536x857.png 1536w, https:\/\/www.cardiovibe.de\/journal\/wp-content\/uploads\/2026\/04\/Stosswellentherapie-Evidenz-und-Anwendung-2048x1143.png 2048w\" sizes=\"(max-width: 300px) 100vw, 300px\" \/>\n                            <\/div>\n                    <\/div><div class=\"eael-entry-wrapper\"><header class=\"eael-entry-header\"><h3 class=\"eael-entry-title\"><a class=\"eael-grid-post-link\" href=\"https:\/\/www.cardiovibe.de\/journal\/stosswellentherapie-wirkung-anwendung-indikationen\/\" title=\"Sto\u00dfwellentherapie: Wirkung, Anwendung und Indikationen im \u00dcberblick\">Sto\u00dfwellentherapie: Wirkung, Anwendung und Indikationen im \u00dcberblick<\/a><\/h3><\/header><div class=\"eael-entry-content\">\n                                <div class=\"eael-grid-post-excerpt\"><p>Die Sto\u00dfwellentherapie hat sich in der Orthop\u00e4die und Physiotherapie als...<\/p><a href=\"https:\/\/www.cardiovibe.de\/journal\/stosswellentherapie-wirkung-anwendung-indikationen\/\" class=\"eael-post-elements-readmore-btn\">Weiter lesen...<\/a><\/div>\n                            <\/div><div class=\"eael-entry-header-after style-two\"><div class=\"eael-entry-meta\"><span class=\"eael-meta-posted-on\"><i class=\"far fa-clock\"><\/i><time datetime=\"14. April 2026\">14. April 2026<\/time><\/span><\/div><\/div><\/div><\/div>\n    <\/div>\n<\/article><article class=\"eael-grid-post  eael-post-grid-column eael-pg-post-7459 category-diathermie tags-diathermie-physiotherapie\" data-id=\"7459\">\n    <div class=\"eael-grid-post-holder\">\n        <div class=\"eael-grid-post-holder-inner\"><div class=\"eael-entry-media\"><div class=\"eael-entry-overlay fade-in\"><i class=\"fas fa-long-arrow-alt-right\" aria-hidden=\"true\"><\/i><a href=\"https:\/\/www.cardiovibe.de\/journal\/tecar-therapie-tendinopathie-protokolle\/\"><\/a><\/div><div class=\"eael-entry-thumbnail \">\n                            <img loading=\"lazy\" decoding=\"async\" width=\"300\" height=\"217\" src=\"https:\/\/www.cardiovibe.de\/journal\/wp-content\/uploads\/2026\/03\/Diathermie-Behandlung-Resistives-Handstueck-300x217.jpg\" class=\"attachment-medium size-medium wp-image-7474\" alt=\"Tendinopathie Behandlung mit Diathermie\" srcset=\"https:\/\/www.cardiovibe.de\/journal\/wp-content\/uploads\/2026\/03\/Diathermie-Behandlung-Resistives-Handstueck-300x217.jpg 300w, https:\/\/www.cardiovibe.de\/journal\/wp-content\/uploads\/2026\/03\/Diathermie-Behandlung-Resistives-Handstueck-1024x741.jpg 1024w, https:\/\/www.cardiovibe.de\/journal\/wp-content\/uploads\/2026\/03\/Diathermie-Behandlung-Resistives-Handstueck-768x556.jpg 768w, https:\/\/www.cardiovibe.de\/journal\/wp-content\/uploads\/2026\/03\/Diathermie-Behandlung-Resistives-Handstueck-1536x1111.jpg 1536w, https:\/\/www.cardiovibe.de\/journal\/wp-content\/uploads\/2026\/03\/Diathermie-Behandlung-Resistives-Handstueck-2048x1482.jpg 2048w\" sizes=\"(max-width: 300px) 100vw, 300px\" \/>\n                            <\/div>\n                    <\/div><div class=\"eael-entry-wrapper\"><header class=\"eael-entry-header\"><h3 class=\"eael-entry-title\"><a class=\"eael-grid-post-link\" href=\"https:\/\/www.cardiovibe.de\/journal\/tecar-therapie-tendinopathie-protokolle\/\" title=\"Tecar bei Tendinopathien\">Tecar bei Tendinopathien<\/a><\/h3><\/header><div class=\"eael-entry-content\">\n                                <div class=\"eael-grid-post-excerpt\"><p>Tendinopathien geh\u00f6ren zu den h\u00e4ufigsten Diagnosen in der Physiotherapie und...<\/p><a href=\"https:\/\/www.cardiovibe.de\/journal\/tecar-therapie-tendinopathie-protokolle\/\" class=\"eael-post-elements-readmore-btn\">Weiter lesen...<\/a><\/div>\n                            <\/div><div class=\"eael-entry-header-after style-two\"><div class=\"eael-entry-meta\"><span class=\"eael-meta-posted-on\"><i class=\"far fa-clock\"><\/i><time datetime=\"29. M\u00e4rz 2026\">29. M\u00e4rz 2026<\/time><\/span><\/div><\/div><\/div><\/div>\n    <\/div>\n<\/article><\/div>\n            <div class=\"clearfix\"><\/div>\n        <\/div>            <div class=\"eael-load-more-button-wrap eael-force-hide\">\n                <button class=\"eael-load-more-button\" id=\"eael-load-more-btn-1d6c6d4\" data-widget-id=\"1d6c6d4\" data-widget=\"1d6c6d4\" data-page-id=\"3054\" data-template=\"{&quot;dir&quot;:&quot;lite&quot;,&quot;file_name&quot;:&quot;two.php&quot;,&quot;name&quot;:&quot;Post-Grid&quot;}\" data-class=\"Essential_Addons_Elementor\\Elements\\Post_Grid\" data-layout=\"grid\" data-page=\"1\" data-args=\"orderby=rand&amp;order=asc&amp;ignore_sticky_posts=1&amp;post_status=publish&amp;posts_per_page=3&amp;offset=0&amp;post_type=post\" data-max-page=\"28\">\n                    <span class=\"eael-btn-loader button__loader\"><\/span>\n                    <span class=\"eael_load_more_text\">Load More<\/span>\n                <\/button>\n            <\/div>\n            \t\t\t\t<\/div>\n\t\t\t\t<\/div>\n\t\t\t\t\t<\/div>\n\t\t<\/div>\n\t\t\t\t\t<\/div>\n\t\t<\/section>\n\t\t\t\t\t<\/div>\n\t\t<\/div>\n\t\t\t\t\t<\/div>\n\t\t<\/section>\n\t\t\t\t<\/div>\n\t\t","protected":false},"excerpt":{"rendered":"<p>Die Tage in kurz\/kurz sind langsam gez\u00e4hlt. F\u00fcr uns Radsportler beginnt die Zeit, in der wir neben dem Radfahren auch wieder andere sportliche Aktivit\u00e4ten in unseren Trainingsplan integrieren k\u00f6nnen. Dabei ist speziell das Krafttraining f\u00fcr das Winterhalbjahr die perfekte Erg\u00e4nzung zum Radtraining. In diesem Artikel gebe ich Tipps f\u00fcr ausgew\u00e4hlte \u00dcbungen und die Vorteile eines Krafttrainings.<\/p>\n","protected":false},"author":1,"featured_media":3055,"comment_status":"open","ping_status":"open","sticky":false,"template":"","format":"standard","meta":{"_jetpack_memberships_contains_paid_content":false,"footnotes":""},"categories":[322],"tags":[],"class_list":["post-3054","post","type-post","status-publish","format-standard","has-post-thumbnail","hentry","category-sport-und-gesundheit"],"yoast_head":"<!-- This site is optimized with the Yoast SEO Premium plugin v20.3 (Yoast SEO v27.5) - https:\/\/yoast.com\/product\/yoast-seo-premium-wordpress\/ -->\n<title>Krafttraining f\u00fcr Radsportler im Winter \u2714 Bein- und Core Training<\/title>\n<meta name=\"description\" content=\"Ist ein Krafttraining f\u00fcr Radsportler im Winter sinnvoll? Beintraining und Coretraining zur Leistungssteigerung und Verletzungs Prophylaxe.\" \/>\n<meta name=\"robots\" content=\"index, follow, max-snippet:-1, max-image-preview:large, max-video-preview:-1\" \/>\n<link rel=\"canonical\" href=\"https:\/\/www.cardiovibe.de\/journal\/krafttraining-fuer-radsportler-im-winter\/\" \/>\n<meta property=\"og:locale\" content=\"de_DE\" \/>\n<meta property=\"og:type\" content=\"article\" \/>\n<meta property=\"og:title\" content=\"Krafttraining f\u00fcr Radsportler \u2013 den Winter optimal nutzen\" \/>\n<meta property=\"og:description\" content=\"Die Tage in kurz\/kurz sind langsam gez\u00e4hlt. F\u00fcr uns Radsportler beginnt die Zeit, in der wir neben dem Radfahren auch wieder andere sportliche Aktivit\u00e4ten in unseren Trainingsplan integrieren k\u00f6nnen. Dabei ist speziell das Krafttraining f\u00fcr das Winterhalbjahr die perfekte Erg\u00e4nzung zum Radtraining. In diesem Artikel gebe ich Tipps f\u00fcr ausgew\u00e4hlte \u00dcbungen und die Vorteile eines Krafttrainings.\" \/>\n<meta property=\"og:url\" content=\"https:\/\/www.cardiovibe.de\/journal\/krafttraining-fuer-radsportler-im-winter\/\" \/>\n<meta property=\"og:site_name\" content=\"CardioVibe\" \/>\n<meta property=\"article:publisher\" content=\"https:\/\/www.facebook.com\/cardiovibe\/\" \/>\n<meta property=\"article:published_time\" content=\"2020-10-04T11:07:24+00:00\" \/>\n<meta property=\"article:modified_time\" content=\"2026-03-20T08:56:17+00:00\" \/>\n<meta property=\"og:image\" content=\"https:\/\/www.cardiovibe.de\/journal\/wp-content\/uploads\/2020\/10\/krafttraining-radsport.jpg\" \/>\n\t<meta property=\"og:image:width\" content=\"1800\" \/>\n\t<meta property=\"og:image:height\" content=\"964\" \/>\n\t<meta property=\"og:image:type\" content=\"image\/jpeg\" \/>\n<meta name=\"author\" content=\"cardiovibe\" \/>\n<meta name=\"twitter:card\" content=\"summary_large_image\" \/>\n<meta name=\"twitter:label1\" content=\"Verfasst von\" \/>\n\t<meta name=\"twitter:data1\" content=\"cardiovibe\" \/>\n\t<meta name=\"twitter:label2\" content=\"Gesch\u00e4tzte Lesezeit\" \/>\n\t<meta name=\"twitter:data2\" content=\"9\u00a0Minuten\" \/>\n<script type=\"application\/ld+json\" class=\"yoast-schema-graph\">{\"@context\":\"https:\\\/\\\/schema.org\",\"@graph\":[{\"@type\":\"Article\",\"@id\":\"https:\\\/\\\/www.cardiovibe.de\\\/journal\\\/krafttraining-fuer-radsportler-im-winter\\\/#article\",\"isPartOf\":{\"@id\":\"https:\\\/\\\/www.cardiovibe.de\\\/journal\\\/krafttraining-fuer-radsportler-im-winter\\\/\"},\"author\":{\"name\":\"cardiovibe\",\"@id\":\"https:\\\/\\\/www.cardiovibe.de\\\/journal\\\/#\\\/schema\\\/person\\\/49506abb8d898a2173fe7ac0aedba43f\"},\"headline\":\"Krafttraining f\u00fcr Radsportler \u2013 den Winter optimal nutzen\",\"datePublished\":\"2020-10-04T11:07:24+00:00\",\"dateModified\":\"2026-03-20T08:56:17+00:00\",\"mainEntityOfPage\":{\"@id\":\"https:\\\/\\\/www.cardiovibe.de\\\/journal\\\/krafttraining-fuer-radsportler-im-winter\\\/\"},\"wordCount\":1521,\"commentCount\":0,\"publisher\":{\"@id\":\"https:\\\/\\\/www.cardiovibe.de\\\/journal\\\/#organization\"},\"image\":{\"@id\":\"https:\\\/\\\/www.cardiovibe.de\\\/journal\\\/krafttraining-fuer-radsportler-im-winter\\\/#primaryimage\"},\"thumbnailUrl\":\"https:\\\/\\\/www.cardiovibe.de\\\/journal\\\/wp-content\\\/uploads\\\/2020\\\/10\\\/krafttraining-radsport.jpg\",\"articleSection\":[\"Sport und Gesundheit\"],\"inLanguage\":\"de\",\"potentialAction\":[{\"@type\":\"CommentAction\",\"name\":\"Comment\",\"target\":[\"https:\\\/\\\/www.cardiovibe.de\\\/journal\\\/krafttraining-fuer-radsportler-im-winter\\\/#respond\"]}]},{\"@type\":\"WebPage\",\"@id\":\"https:\\\/\\\/www.cardiovibe.de\\\/journal\\\/krafttraining-fuer-radsportler-im-winter\\\/\",\"url\":\"https:\\\/\\\/www.cardiovibe.de\\\/journal\\\/krafttraining-fuer-radsportler-im-winter\\\/\",\"name\":\"Krafttraining f\u00fcr Radsportler im Winter \u2714 Bein- und Core Training\",\"isPartOf\":{\"@id\":\"https:\\\/\\\/www.cardiovibe.de\\\/journal\\\/#website\"},\"primaryImageOfPage\":{\"@id\":\"https:\\\/\\\/www.cardiovibe.de\\\/journal\\\/krafttraining-fuer-radsportler-im-winter\\\/#primaryimage\"},\"image\":{\"@id\":\"https:\\\/\\\/www.cardiovibe.de\\\/journal\\\/krafttraining-fuer-radsportler-im-winter\\\/#primaryimage\"},\"thumbnailUrl\":\"https:\\\/\\\/www.cardiovibe.de\\\/journal\\\/wp-content\\\/uploads\\\/2020\\\/10\\\/krafttraining-radsport.jpg\",\"datePublished\":\"2020-10-04T11:07:24+00:00\",\"dateModified\":\"2026-03-20T08:56:17+00:00\",\"description\":\"Ist ein Krafttraining f\u00fcr Radsportler im Winter sinnvoll? Beintraining und Coretraining zur Leistungssteigerung und Verletzungs Prophylaxe.\",\"inLanguage\":\"de\",\"potentialAction\":[{\"@type\":\"ReadAction\",\"target\":[\"https:\\\/\\\/www.cardiovibe.de\\\/journal\\\/krafttraining-fuer-radsportler-im-winter\\\/\"]}]},{\"@type\":\"ImageObject\",\"inLanguage\":\"de\",\"@id\":\"https:\\\/\\\/www.cardiovibe.de\\\/journal\\\/krafttraining-fuer-radsportler-im-winter\\\/#primaryimage\",\"url\":\"https:\\\/\\\/www.cardiovibe.de\\\/journal\\\/wp-content\\\/uploads\\\/2020\\\/10\\\/krafttraining-radsport.jpg\",\"contentUrl\":\"https:\\\/\\\/www.cardiovibe.de\\\/journal\\\/wp-content\\\/uploads\\\/2020\\\/10\\\/krafttraining-radsport.jpg\",\"width\":1800,\"height\":964,\"caption\":\"Krafttraining f\u00fcr Radsportler im Winter\"},{\"@type\":\"WebSite\",\"@id\":\"https:\\\/\\\/www.cardiovibe.de\\\/journal\\\/#website\",\"url\":\"https:\\\/\\\/www.cardiovibe.de\\\/journal\\\/\",\"name\":\"CardioVibe\",\"description\":\"Blog\",\"publisher\":{\"@id\":\"https:\\\/\\\/www.cardiovibe.de\\\/journal\\\/#organization\"},\"potentialAction\":[{\"@type\":\"SearchAction\",\"target\":{\"@type\":\"EntryPoint\",\"urlTemplate\":\"https:\\\/\\\/www.cardiovibe.de\\\/journal\\\/?s={search_term_string}\"},\"query-input\":{\"@type\":\"PropertyValueSpecification\",\"valueRequired\":true,\"valueName\":\"search_term_string\"}}],\"inLanguage\":\"de\"},{\"@type\":\"Organization\",\"@id\":\"https:\\\/\\\/www.cardiovibe.de\\\/journal\\\/#organization\",\"name\":\"CardioVibe\",\"url\":\"https:\\\/\\\/www.cardiovibe.de\\\/journal\\\/\",\"logo\":{\"@type\":\"ImageObject\",\"inLanguage\":\"de\",\"@id\":\"https:\\\/\\\/www.cardiovibe.de\\\/journal\\\/#\\\/schema\\\/logo\\\/image\\\/\",\"url\":\"https:\\\/\\\/www.cardiovibe.de\\\/journal\\\/wp-content\\\/uploads\\\/2021\\\/05\\\/RZ_Logo_RGB.jpg\",\"contentUrl\":\"https:\\\/\\\/www.cardiovibe.de\\\/journal\\\/wp-content\\\/uploads\\\/2021\\\/05\\\/RZ_Logo_RGB.jpg\",\"width\":1378,\"height\":531,\"caption\":\"CardioVibe\"},\"image\":{\"@id\":\"https:\\\/\\\/www.cardiovibe.de\\\/journal\\\/#\\\/schema\\\/logo\\\/image\\\/\"},\"sameAs\":[\"https:\\\/\\\/www.facebook.com\\\/cardiovibe\\\/\",\"https:\\\/\\\/www.instagram.com\\\/cardiovibe.de\\\/\"]},{\"@type\":\"Person\",\"@id\":\"https:\\\/\\\/www.cardiovibe.de\\\/journal\\\/#\\\/schema\\\/person\\\/49506abb8d898a2173fe7ac0aedba43f\",\"name\":\"cardiovibe\",\"sameAs\":[\"https:\\\/\\\/www.cardiovibe.de\\\/\",\"https:\\\/\\\/www.instagram.com\\\/cardiovibe.de\\\/\",\"https:\\\/\\\/www.youtube.com\\\/@cardiovibe\"]}]}<\/script>\n<!-- \/ Yoast SEO Premium plugin. -->","yoast_head_json":{"title":"Krafttraining f\u00fcr Radsportler im Winter \u2714 Bein- und Core Training","description":"Ist ein Krafttraining f\u00fcr Radsportler im Winter sinnvoll? Beintraining und Coretraining zur Leistungssteigerung und Verletzungs Prophylaxe.","robots":{"index":"index","follow":"follow","max-snippet":"max-snippet:-1","max-image-preview":"max-image-preview:large","max-video-preview":"max-video-preview:-1"},"canonical":"https:\/\/www.cardiovibe.de\/journal\/krafttraining-fuer-radsportler-im-winter\/","og_locale":"de_DE","og_type":"article","og_title":"Krafttraining f\u00fcr Radsportler \u2013 den Winter optimal nutzen","og_description":"Die Tage in kurz\/kurz sind langsam gez\u00e4hlt. F\u00fcr uns Radsportler beginnt die Zeit, in der wir neben dem Radfahren auch wieder andere sportliche Aktivit\u00e4ten in unseren Trainingsplan integrieren k\u00f6nnen. Dabei ist speziell das Krafttraining f\u00fcr das Winterhalbjahr die perfekte Erg\u00e4nzung zum Radtraining. In diesem Artikel gebe ich Tipps f\u00fcr ausgew\u00e4hlte \u00dcbungen und die Vorteile eines Krafttrainings.","og_url":"https:\/\/www.cardiovibe.de\/journal\/krafttraining-fuer-radsportler-im-winter\/","og_site_name":"CardioVibe","article_publisher":"https:\/\/www.facebook.com\/cardiovibe\/","article_published_time":"2020-10-04T11:07:24+00:00","article_modified_time":"2026-03-20T08:56:17+00:00","og_image":[{"width":1800,"height":964,"url":"https:\/\/www.cardiovibe.de\/journal\/wp-content\/uploads\/2020\/10\/krafttraining-radsport.jpg","type":"image\/jpeg"}],"author":"cardiovibe","twitter_card":"summary_large_image","twitter_misc":{"Verfasst von":"cardiovibe","Gesch\u00e4tzte Lesezeit":"9\u00a0Minuten"},"schema":{"@context":"https:\/\/schema.org","@graph":[{"@type":"Article","@id":"https:\/\/www.cardiovibe.de\/journal\/krafttraining-fuer-radsportler-im-winter\/#article","isPartOf":{"@id":"https:\/\/www.cardiovibe.de\/journal\/krafttraining-fuer-radsportler-im-winter\/"},"author":{"name":"cardiovibe","@id":"https:\/\/www.cardiovibe.de\/journal\/#\/schema\/person\/49506abb8d898a2173fe7ac0aedba43f"},"headline":"Krafttraining f\u00fcr Radsportler \u2013 den Winter optimal nutzen","datePublished":"2020-10-04T11:07:24+00:00","dateModified":"2026-03-20T08:56:17+00:00","mainEntityOfPage":{"@id":"https:\/\/www.cardiovibe.de\/journal\/krafttraining-fuer-radsportler-im-winter\/"},"wordCount":1521,"commentCount":0,"publisher":{"@id":"https:\/\/www.cardiovibe.de\/journal\/#organization"},"image":{"@id":"https:\/\/www.cardiovibe.de\/journal\/krafttraining-fuer-radsportler-im-winter\/#primaryimage"},"thumbnailUrl":"https:\/\/www.cardiovibe.de\/journal\/wp-content\/uploads\/2020\/10\/krafttraining-radsport.jpg","articleSection":["Sport und Gesundheit"],"inLanguage":"de","potentialAction":[{"@type":"CommentAction","name":"Comment","target":["https:\/\/www.cardiovibe.de\/journal\/krafttraining-fuer-radsportler-im-winter\/#respond"]}]},{"@type":"WebPage","@id":"https:\/\/www.cardiovibe.de\/journal\/krafttraining-fuer-radsportler-im-winter\/","url":"https:\/\/www.cardiovibe.de\/journal\/krafttraining-fuer-radsportler-im-winter\/","name":"Krafttraining f\u00fcr Radsportler im Winter \u2714 Bein- und Core Training","isPartOf":{"@id":"https:\/\/www.cardiovibe.de\/journal\/#website"},"primaryImageOfPage":{"@id":"https:\/\/www.cardiovibe.de\/journal\/krafttraining-fuer-radsportler-im-winter\/#primaryimage"},"image":{"@id":"https:\/\/www.cardiovibe.de\/journal\/krafttraining-fuer-radsportler-im-winter\/#primaryimage"},"thumbnailUrl":"https:\/\/www.cardiovibe.de\/journal\/wp-content\/uploads\/2020\/10\/krafttraining-radsport.jpg","datePublished":"2020-10-04T11:07:24+00:00","dateModified":"2026-03-20T08:56:17+00:00","description":"Ist ein Krafttraining f\u00fcr Radsportler im Winter sinnvoll? Beintraining und Coretraining zur Leistungssteigerung und Verletzungs Prophylaxe.","inLanguage":"de","potentialAction":[{"@type":"ReadAction","target":["https:\/\/www.cardiovibe.de\/journal\/krafttraining-fuer-radsportler-im-winter\/"]}]},{"@type":"ImageObject","inLanguage":"de","@id":"https:\/\/www.cardiovibe.de\/journal\/krafttraining-fuer-radsportler-im-winter\/#primaryimage","url":"https:\/\/www.cardiovibe.de\/journal\/wp-content\/uploads\/2020\/10\/krafttraining-radsport.jpg","contentUrl":"https:\/\/www.cardiovibe.de\/journal\/wp-content\/uploads\/2020\/10\/krafttraining-radsport.jpg","width":1800,"height":964,"caption":"Krafttraining f\u00fcr Radsportler im Winter"},{"@type":"WebSite","@id":"https:\/\/www.cardiovibe.de\/journal\/#website","url":"https:\/\/www.cardiovibe.de\/journal\/","name":"CardioVibe","description":"Blog","publisher":{"@id":"https:\/\/www.cardiovibe.de\/journal\/#organization"},"potentialAction":[{"@type":"SearchAction","target":{"@type":"EntryPoint","urlTemplate":"https:\/\/www.cardiovibe.de\/journal\/?s={search_term_string}"},"query-input":{"@type":"PropertyValueSpecification","valueRequired":true,"valueName":"search_term_string"}}],"inLanguage":"de"},{"@type":"Organization","@id":"https:\/\/www.cardiovibe.de\/journal\/#organization","name":"CardioVibe","url":"https:\/\/www.cardiovibe.de\/journal\/","logo":{"@type":"ImageObject","inLanguage":"de","@id":"https:\/\/www.cardiovibe.de\/journal\/#\/schema\/logo\/image\/","url":"https:\/\/www.cardiovibe.de\/journal\/wp-content\/uploads\/2021\/05\/RZ_Logo_RGB.jpg","contentUrl":"https:\/\/www.cardiovibe.de\/journal\/wp-content\/uploads\/2021\/05\/RZ_Logo_RGB.jpg","width":1378,"height":531,"caption":"CardioVibe"},"image":{"@id":"https:\/\/www.cardiovibe.de\/journal\/#\/schema\/logo\/image\/"},"sameAs":["https:\/\/www.facebook.com\/cardiovibe\/","https:\/\/www.instagram.com\/cardiovibe.de\/"]},{"@type":"Person","@id":"https:\/\/www.cardiovibe.de\/journal\/#\/schema\/person\/49506abb8d898a2173fe7ac0aedba43f","name":"cardiovibe","sameAs":["https:\/\/www.cardiovibe.de\/","https:\/\/www.instagram.com\/cardiovibe.de\/","https:\/\/www.youtube.com\/@cardiovibe"]}]}},"jetpack_featured_media_url":"https:\/\/www.cardiovibe.de\/journal\/wp-content\/uploads\/2020\/10\/krafttraining-radsport.jpg","jetpack_sharing_enabled":true,"_links":{"self":[{"href":"https:\/\/www.cardiovibe.de\/journal\/wp-json\/wp\/v2\/posts\/3054","targetHints":{"allow":["GET"]}}],"collection":[{"href":"https:\/\/www.cardiovibe.de\/journal\/wp-json\/wp\/v2\/posts"}],"about":[{"href":"https:\/\/www.cardiovibe.de\/journal\/wp-json\/wp\/v2\/types\/post"}],"author":[{"embeddable":true,"href":"https:\/\/www.cardiovibe.de\/journal\/wp-json\/wp\/v2\/users\/1"}],"replies":[{"embeddable":true,"href":"https:\/\/www.cardiovibe.de\/journal\/wp-json\/wp\/v2\/comments?post=3054"}],"version-history":[{"count":25,"href":"https:\/\/www.cardiovibe.de\/journal\/wp-json\/wp\/v2\/posts\/3054\/revisions"}],"predecessor-version":[{"id":5149,"href":"https:\/\/www.cardiovibe.de\/journal\/wp-json\/wp\/v2\/posts\/3054\/revisions\/5149"}],"wp:featuredmedia":[{"embeddable":true,"href":"https:\/\/www.cardiovibe.de\/journal\/wp-json\/wp\/v2\/media\/3055"}],"wp:attachment":[{"href":"https:\/\/www.cardiovibe.de\/journal\/wp-json\/wp\/v2\/media?parent=3054"}],"wp:term":[{"taxonomy":"category","embeddable":true,"href":"https:\/\/www.cardiovibe.de\/journal\/wp-json\/wp\/v2\/categories?post=3054"},{"taxonomy":"post_tag","embeddable":true,"href":"https:\/\/www.cardiovibe.de\/journal\/wp-json\/wp\/v2\/tags?post=3054"}],"curies":[{"name":"wp","href":"https:\/\/api.w.org\/{rel}","templated":true}]}}